{"id":367,"date":"2025-04-25T17:16:58","date_gmt":"2025-04-25T15:16:58","guid":{"rendered":"https:\/\/www.stopmobbing.art\/?p=367"},"modified":"2025-04-27T10:12:38","modified_gmt":"2025-04-27T08:12:38","slug":"mobbing-syndrom-dr-argeo-bemayer-coburg-de","status":"publish","type":"post","link":"https:\/\/www.stopmobbing.art\/?p=367","title":{"rendered":"Dr. Michael Linden a jeho &#8222;posttraumatick\u00e1 zatrpklos\u0165&#8220; (PTED &#8211; Post Traumatic Embitterment Disease)"},"content":{"rendered":"\n<p class=\"wp-block-paragraph\"><strong><em>Sk\u00faste si vyplni\u0165 t\u00fato hodnotiaci \u0161k\u00e1lu &#8230;<\/em><\/strong><\/p>\n\n\n\n<p class=\"wp-block-paragraph\"><strong>PTED &#8211; hodnotiaca <\/strong><strong>\u0161<\/strong><strong>k\u00e1la<\/strong><\/p>\n\n\n\n<p class=\"wp-block-paragraph\">Meno pr\u00edp. aspo\u0148 pohlavie a vek : D\u00e1tum vyplnenia :<\/p>\n\n\n\n<p class=\"wp-block-paragraph\">Pros\u00edm, pre\u010d\u00edtajte si nasleduj\u00face tvrdenia a ozna\u010dte vpravo \u010d\u00edslom (0-4) do akej miery sa v\u00e1s t\u00fdkaj\u00fa. Prosim, nevynechajte \u017eiadny riadok.<\/p>\n\n\n\n<p class=\"wp-block-paragraph\">Hodnotiaca \u0161k\u00e1la (vyberte najviac zodpovedaj\u00facu mo\u017enos\u0165) :<\/p>\n\n\n\n<figure class=\"wp-block-table\"><table class=\"has-fixed-layout\"><tbody><tr><td>\u00daplne nepravdiv\u00e9<\/td><td>Len m\u00e1lo pravdiv\u00e9<\/td><td>\u010ciasto\u010dne pravdiv\u00e9<\/td><td>Ve\u013emi pravdiv\u00e9<\/td><td>Extr\u00e9mne pravdiv\u00e9<\/td><\/tr><tr><td>0<\/td><td>1<\/td><td>2<\/td><td>3<\/td><td>4<\/td><\/tr><\/tbody><\/table><\/figure>\n\n\n\n<p class=\"wp-block-paragraph\">S\u00fahlas\u00edm s&nbsp;t\u00fdmto tvrden\u00edm :<\/p>\n\n\n\n<p class=\"wp-block-paragraph\"><em>V&nbsp;posledn\u00fdch rokoch sa udiali niektor\u00e9 negat\u00edvne \u017eivotn\u00e9 udalosti:,<\/em><\/p>\n\n\n\n<p class=\"wp-block-paragraph\">1. ktor\u00e9 zasiahli moje pocity a sp\u00f4sobili zna\u010dn\u00e9 zatrpknutie     (     )<\/p>\n\n\n\n<p class=\"wp-block-paragraph\">2. ktor\u00e9 viedli k&nbsp;pozorovate\u013enej a trvalej negat\u00edvnej zmene m\u00f4jho ment\u00e1lneho zdravia  (     )<\/p>\n\n\n\n<p class=\"wp-block-paragraph\">3. ktor\u00e9 vn\u00edmam ako ve\u013emi nespravodliv\u00e9 a nef\u00e9r    (     )<\/p>\n\n\n\n<p class=\"wp-block-paragraph\">4. na ktor\u00e9 mus\u00edm opakovane myslie\u0165       (     )<\/p>\n\n\n\n<p class=\"wp-block-paragraph\">5. ktor\u00e9 ma extr\u00e9mne roz\u010d\u00falili kedyko\u013evek si na ne spomeniem   (     )<\/p>\n\n\n\n<p class=\"wp-block-paragraph\">6. ktor\u00e9 vo mne spustili t\u00fa\u017ebu po pomste     (     )<\/p>\n\n\n\n<p class=\"wp-block-paragraph\">7. za ktor\u00e9 obvi\u0148ujem s\u00e1m\/sama seba a hnev\u00e1m sa na seba   (     )<\/p>\n\n\n\n<p class=\"wp-block-paragraph\">8. ktor\u00e9 ma viedli k&nbsp;pocitu, \u017ee nem\u00e1 v\u00fdznam sa o nie\u010do sna\u017ei\u0165 alebo nam\u00e1ha\u0165   (     )<\/p>\n\n\n\n<p class=\"wp-block-paragraph\">9. ktor\u00e9 mi \u010dasto sp\u00f4sobuj\u00fa, \u017ee som namrzen\u00fd\/\u00e1 a ne\u0161\u0165astn\u00fd\/\u00e1   (     )<\/p>\n\n\n\n<p class=\"wp-block-paragraph\">10. ktor\u00e9 po\u0161kodili moje fyzick\u00e9 zdravie     (     )<\/p>\n\n\n\n<p class=\"wp-block-paragraph\">11. ktorej n\u00e1sledkom je vyh\u00fdbanie sa ist\u00fdm miestam\/osob\u00e1m, aby sa spomienky nevr\u00e1tili (     )<\/p>\n\n\n\n<p class=\"wp-block-paragraph\">12. ktor\u00e9 sp\u00f4sobili, \u017ee sa c\u00edtim bezmocn\u00fd\/\u00e1 a bezbrann\u00fd\/\u00e1    (     )<\/p>\n\n\n\n<p class=\"wp-block-paragraph\">13. ktor\u00e9 sp\u00f4sobili pocity satisfakcie, ke\u010f si pomysl\u00edm, \u017ee zodpovedn\u00e1 osoba by mala pre\u017e\u00edva\u0165 podobn\u00e9 pocity    (     )<\/p>\n\n\n\n<p class=\"wp-block-paragraph\">14. ktor\u00e9 viedli k&nbsp;zna\u010dn\u00e9mu poklesu mojich \u017eivotn\u00fdch s\u00edl a nasadeniu    (     )<\/p>\n\n\n\n<p class=\"wp-block-paragraph\">15. ktor\u00e9 sp\u00f4sobili, \u017ee sa \u013eah\u0161ie podr\u00e1\u017edim a roz\u010d\u00falim   (     )<\/p>\n\n\n\n<p class=\"wp-block-paragraph\">16. kv\u00f4li ktor\u00fdm sa mus\u00edm rozpt\u00fdli\u0165, aby som mal\/a norm\u00e1lnu n\u00e1ladu   (     )<\/p>\n\n\n\n<p class=\"wp-block-paragraph\">17. v\u010faka ktor\u00fdm u\u017e nie som schopn\u00fd\/\u00e1 vykon\u00e1va\u0165 profesion\u00e1lne a\/alebo rodinn\u00e9 aktivity ako predt\u00fdm      (     )<\/p>\n\n\n\n<p class=\"wp-block-paragraph\">18. ktor\u00e9 sp\u00f4sobili, \u017ee som sa odvr\u00e1til\/sa od priate\u013eov a spolo\u010densk\u00fdch aktiv\u00edt   (     )<\/p>\n\n\n\n<p class=\"wp-block-paragraph\">19. ktor\u00e9 \u010dasto vyvol\u00e1vaj\u00fa bolestiv\u00e9 spomienky    (     )<\/p>\n\n\n\n<p class=\"wp-block-paragraph\"><\/p>\n\n\n\n<p class=\"wp-block-paragraph\">\u010eal\u0161ie inform\u00e1cie na t\u00fato t\u00e9mu \u017eiadajte na e-mailovej adrese <strong><em>info@stopmobbing.art <\/em><\/strong>.<\/p>\n\n\n\n<p class=\"wp-block-paragraph\"><\/p>\n\n\n\n<p class=\"wp-block-paragraph\">Predpoklad\u00e1m, \u017ee 19 polo\u017eiek na\u0161ej PTED &#8211; Hodnotiacej \u0161k\u00e1ly V\u00e1m pomohli pochopi\u0165 aj obsah pojmu zahorklos\u0165  \u010di zatrpklos\u0165. A ak potom pripust\u00edme, \u017ee s tak\u00fdmto emo\u010dn\u00fdm stavom s\u00fa spriaznen\u00e9 aj pocity \u00fajmy \u010di krivdy a nespravodlivosti, dost\u00e1vame sa do oblasti pre\u017e\u00edvania os\u00f4b, ktor\u00e9 sa stali ter\u010dom \u010di cie\u013eom pretrv\u00e1vaj\u00faceho mobbingu. <\/p>\n\n\n\n<p class=\"wp-block-paragraph\">Pojem &#8222;zatrpklos\u0165&#8220; (Verbitterung) za\u010dal pou\u017e\u00edva\u0165 a presadzova\u0165 za\u010diatkom n\u00e1\u0161ho storo\u010dia nemeck\u00fd neurol\u00f3g a psychiater Michael Linden, ktor\u00fd p\u00f4sobil vo v\u00fdchodnej \u010dasti Berl\u00edna. U svojich klientov\/klientiek sa stret\u00e1val \u010dasto s nie\u010d\u00edm tak\u00fdm po z\u00e1\u017eitku &#8222;\u017eivotnej prehry&#8220;. T\u00e1 mohla by\u0165 spojen\u00e1 napr. s ne\u00faspe\u0161n\u00fdm a nezvl\u00e1dnut\u00fdm podnikan\u00edm a zad\u013a\u017een\u00edm, ale rovnako aj so soci\u00e1lnou traumou vo forme psychick\u00e9ho \u00fatoku a n\u00e1silia v zamestnan\u00ed &#8211; napr. neo\u010dak\u00e1vanou a brut\u00e1lnou v\u00fdpove\u010fou, atp. .<\/p>\n\n\n\n<p class=\"wp-block-paragraph\">Spolu so skupinou svojich koleg\u00fd\u0148 a kolegov sa potom &#8211; na z\u00e1klade v\u00fdsledkov z\u00edskan\u00fdch aj z vyplnen\u00fdch dotazn\u00edkov &#8211; sna\u017eili o zavedenie ofici\u00e1lnej diagnostickej kateg\u00f3rie PTED, ktor\u00e1 sa ve\u013emi podobala tomu, \u010do je v medic\u00edne popisovan\u00e9 ako posttraumatick\u00e1 stresov\u00e1 porucha &#8211; PTSD.  Pri tejto (PTSD) poruche sa v\u0161ak za &#8222;traumu&#8220; pova\u017euje nejak\u00e1 ve\u013ek\u00e1 katastrofa \u010di \u017eivot ohrazuj\u00face ne\u0161\u0165astie, pr\u00edp. zn\u00e1silnenie. Linden v\u0161ak pri\u0161iel so zisten\u00edm, \u017ee rovnako devastuj\u00faci \u00fa\u010dinok na zdravie niektor\u00fdch z jeho klientiek\/tov mohlo ma\u0165 \u010di malo psychick\u00e9 n\u00e1silie! Dokonca uv\u00e1dza pr\u00edbeh jednej predava\u010dky, ktor\u00e1 sa sama pova\u017eovala za 100% oddan\u00fa svojej pr\u00e1ci a svojmu zamest\u00e1vate\u013eovi &#8230; A\u017e do chv\u00edle, ke\u010f bola obvinen\u00e1 z kr\u00e1de\u017ee na pracovisku. Vtedy sa jej &#8222;zr\u00fatil svet&#8220; a skoro 2 roky trpela psychosomatick\u00fdmi pr\u00edznakmi a bola v pracovnej neschopnosti. Tak\u017ee v tom sa Linden odli\u0161uje od Leymanna, ktor\u00ed za mobbing pova\u017euje psychyck\u00e9 \u00fatoky (n\u00e1silie), ktor\u00e9 sa opakuje (minim\u00e1lne 1x za t\u00fd\u017ede\u0148) po dlh\u0161iu dobu (minim\u00e1lne 6 mesiacov). <\/p>\n\n\n\n<p class=\"wp-block-paragraph\">Niektor\u00ed advok\u00e1ti, ktor\u00ed pod\u00e1vali za svojioch klientov \u010di klientky \u017ealoby kv\u00f4li mobbingu sa pok\u00fa\u0161ali do \u017ealobn\u00fdch petitov \u00fav\u00e1dza\u0165 pr\u00e1ve n\u00e1sledky traumatu, ktor\u00ed ich klienti za\u017eili v zamestnann\u00ed &#8211; PTSD. Ale s\u00fady ich \u017ealob\u00e1m obvykle nevyhoveli a \u010dasto pr\u00e1ve preto, \u017ee psychick\u00e9 n\u00e1silie na pracovisku (ohov\u00e1ranie, krik, nad\u00e1vky, n\u00e1tlak, atp.) nepova\u017eovali za dostato\u010dn\u00e9 &#8222;trauma&#8220;. <\/p>\n\n\n\n<p class=\"wp-block-paragraph\">Po m\u00e1rnom a dlhoro\u010dnom \u00fasil\u00ed sa postraumatick\u00fa zahorklos\u0165 (PTED) nakoniec podarilo presadi\u0165 do medzin\u00e1rodn\u00e9ho klasifika\u010dn\u00e9ho zoznamu nemoc\u00ed (ICD-10), kde ho n\u00e1jdeme pod k\u00f3dov\u00fdm ozna\u010den\u00edm F.43.8. A to by ostatne mohlo by\u0165 aj ist\u00fdm n\u00e1vodom pre reprezentanto na\u0161ej just\u00edcie, aby sa v\u00e1\u017enej\u0161ie zaoberali problematikov psychick\u00e9ho n\u00e1silia.<\/p>\n","protected":false},"excerpt":{"rendered":"<p>Sk\u00faste si vyplni\u0165 t\u00fato hodnotiaci \u0161k\u00e1lu &#8230; PTED &#8211; hodnotiaca \u0161k\u00e1la Meno pr\u00edp. aspo\u0148 pohlavie a vek : D\u00e1tum vyplnenia : Pros\u00edm, pre\u010d\u00edtajte si nasleduj\u00face tvrdenia a ozna\u010dte vpravo \u010d\u00edslom (0-4) do akej miery sa v\u00e1s t\u00fdkaj\u00fa. Prosim, nevynechajte \u017eiadny riadok. Hodnotiaca \u0161k\u00e1la (vyberte najviac zodpovedaj\u00facu mo\u017enos\u0165) : \u00daplne nepravdiv\u00e9 Len m\u00e1lo pravdiv\u00e9 \u010ciasto\u010dne pravdiv\u00e9 &hellip; <\/p>\n","protected":false},"author":1,"featured_media":377,"comment_status":"open","ping_status":"open","sticky":false,"template":"","format":"standard","meta":{"footnotes":""},"categories":[1],"tags":[],"class_list":["post-367","post","type-post","status-publish","format-standard","has-post-thumbnail","hentry","category-nezaradene","latest_post"],"_links":{"self":[{"href":"https:\/\/www.stopmobbing.art\/index.php?rest_route=\/wp\/v2\/posts\/367","targetHints":{"allow":["GET"]}}],"collection":[{"href":"https:\/\/www.stopmobbing.art\/index.php?rest_route=\/wp\/v2\/posts"}],"about":[{"href":"https:\/\/www.stopmobbing.art\/index.php?rest_route=\/wp\/v2\/types\/post"}],"author":[{"embeddable":true,"href":"https:\/\/www.stopmobbing.art\/index.php?rest_route=\/wp\/v2\/users\/1"}],"replies":[{"embeddable":true,"href":"https:\/\/www.stopmobbing.art\/index.php?rest_route=%2Fwp%2Fv2%2Fcomments&post=367"}],"version-history":[{"count":11,"href":"https:\/\/www.stopmobbing.art\/index.php?rest_route=\/wp\/v2\/posts\/367\/revisions"}],"predecessor-version":[{"id":392,"href":"https:\/\/www.stopmobbing.art\/index.php?rest_route=\/wp\/v2\/posts\/367\/revisions\/392"}],"wp:featuredmedia":[{"embeddable":true,"href":"https:\/\/www.stopmobbing.art\/index.php?rest_route=\/wp\/v2\/media\/377"}],"wp:attachment":[{"href":"https:\/\/www.stopmobbing.art\/index.php?rest_route=%2Fwp%2Fv2%2Fmedia&parent=367"}],"wp:term":[{"taxonomy":"category","embeddable":true,"href":"https:\/\/www.stopmobbing.art\/index.php?rest_route=%2Fwp%2Fv2%2Fcategories&post=367"},{"taxonomy":"post_tag","embeddable":true,"href":"https:\/\/www.stopmobbing.art\/index.php?rest_route=%2Fwp%2Fv2%2Ftags&post=367"}],"curies":[{"name":"wp","href":"https:\/\/api.w.org\/{rel}","templated":true}]}}